{"id":3194,"date":"2015-08-28T08:25:23","date_gmt":"2015-08-28T08:25:23","guid":{"rendered":"http:\/\/www.legrandmeaulnes.fr\/?p=3194"},"modified":"2020-03-15T07:56:55","modified_gmt":"2020-03-15T07:56:55","slug":"organisation-de-la-rentree-des-classes","status":"publish","type":"post","link":"https:\/\/www.legrandmeaulnes.fr\/?p=3194","title":{"rendered":"Organisation de la rentr\u00e9e des classes"},"content":{"rendered":"<p><span style=\"font-size: 14pt;\"><strong>Organisation de la rentr\u00e9e septembre 2015 :<\/strong><\/span><\/p>\n<p><em><strong>&#8211; Mardi 1er septembre 2015 :<\/strong><\/em><br \/>\nEntr\u00e9e des \u00e9l\u00e8ves de 6\u00e8me \u00e0 9h.<br \/>\nEntr\u00e9e des \u00e9l\u00e8ves en ULIS \u00e0 9h<\/p>\n<p><em><strong>&#8211; Mercredi 2 septembre 2015 :<\/strong><\/em><br \/>\nEntr\u00e9e des \u00e9l\u00e8ves de 5\u00e8me \u00e0 8h15.<br \/>\nEntr\u00e9e des \u00e9l\u00e8ves de 4\u00e8me \u00e0 9h15.<br \/>\nEntr\u00e9e des \u00e9l\u00e8ves de 3\u00e8me \u00e0 10h15.<\/p>\n<p><em><strong>&#8211; Jeudi 3 septembre 2015 :<\/strong><\/em><br \/>\nEmploi du temps normal pour tous les \u00e9l\u00e8ves.<\/p>\n","protected":false},"excerpt":{"rendered":"<p>Organisation de la rentr\u00e9e septembre 2015 : &#8211; Mardi 1er septembre 2015 : Entr\u00e9e des<\/p>\n","protected":false},"author":3,"featured_media":0,"comment_status":"closed","ping_status":"closed","sticky":false,"template":"","format":"standard","meta":{"footnotes":""},"categories":[19],"tags":[],"_links":{"self":[{"href":"https:\/\/www.legrandmeaulnes.fr\/index.php?rest_route=\/wp\/v2\/posts\/3194"}],"collection":[{"href":"https:\/\/www.legrandmeaulnes.fr\/index.php?rest_route=\/wp\/v2\/posts"}],"about":[{"href":"https:\/\/www.legrandmeaulnes.fr\/index.php?rest_route=\/wp\/v2\/types\/post"}],"author":[{"embeddable":true,"href":"https:\/\/www.legrandmeaulnes.fr\/index.php?rest_route=\/wp\/v2\/users\/3"}],"replies":[{"embeddable":true,"href":"https:\/\/www.legrandmeaulnes.fr\/index.php?rest_route=%2Fwp%2Fv2%2Fcomments&post=3194"}],"version-history":[{"count":3,"href":"https:\/\/www.legrandmeaulnes.fr\/index.php?rest_route=\/wp\/v2\/posts\/3194\/revisions"}],"predecessor-version":[{"id":3198,"href":"https:\/\/www.legrandmeaulnes.fr\/index.php?rest_route=\/wp\/v2\/posts\/3194\/revisions\/3198"}],"wp:attachment":[{"href":"https:\/\/www.legrandmeaulnes.fr\/index.php?rest_route=%2Fwp%2Fv2%2Fmedia&parent=3194"}],"wp:term":[{"taxonomy":"category","embeddable":true,"href":"https:\/\/www.legrandmeaulnes.fr\/index.php?rest_route=%2Fwp%2Fv2%2Fcategories&post=3194"},{"taxonomy":"post_tag","embeddable":true,"href":"https:\/\/www.legrandmeaulnes.fr\/index.php?rest_route=%2Fwp%2Fv2%2Ftags&post=3194"}],"curies":[{"name":"wp","href":"https:\/\/api.w.org\/{rel}","templated":true}]}}