{"id":3353,"date":"2016-06-10T13:43:24","date_gmt":"2016-06-10T13:43:24","guid":{"rendered":"http:\/\/www.legrandmeaulnes.fr\/?p=3353"},"modified":"2020-03-15T07:55:56","modified_gmt":"2020-03-15T07:55:56","slug":"organisation-de-la-rentree-des-classes-2016","status":"publish","type":"post","link":"https:\/\/www.legrandmeaulnes.fr\/?p=3353","title":{"rendered":"Organisation de la rentr\u00e9e des classes 2016"},"content":{"rendered":"<div class=\"entry-content\">\n<p><strong>Organisation de la rentr\u00e9e septembre 2016 :<\/strong><\/p>\n<p><em><strong>&#8211; Jeudi 1er septembre 2016 :<\/strong><\/em><br \/>\nEntr\u00e9e des \u00e9l\u00e8ves de 6\u00e8me \u00e0 9h.<\/p>\n<p><em><strong>&#8211; Vendredi 2 septembre 2016 :<\/strong><\/em><br \/>\nEntr\u00e9e des \u00e9l\u00e8ves de 5\u00e8me et d&#8217;ULIS \u00e0 8h15.<br \/>\nEntr\u00e9e des \u00e9l\u00e8ves de 4\u00e8me \u00e0 9h10.<br \/>\nEntr\u00e9e des \u00e9l\u00e8ves de 3\u00e8me \u00e0 10h15.<\/p>\n<p><strong>&#8211; <em>Les \u00e9l\u00e8ves de 6\u00e8me n&#8217;auront pas cours le vendredi 2 septembre 2016<\/em>.<\/strong><\/p>\n<p><em><strong>&#8211; Lundi 5 septembre 2016 :<\/strong><\/em><br \/>\nEmploi du temps normal pour tous les \u00e9l\u00e8ves.<\/p>\n<\/div>\n","protected":false},"excerpt":{"rendered":"<p>Organisation de la rentr\u00e9e septembre 2016 : &#8211; Jeudi 1er septembre 2016 : Entr\u00e9e des<\/p>\n","protected":false},"author":3,"featured_media":0,"comment_status":"closed","ping_status":"closed","sticky":false,"template":"","format":"standard","meta":{"footnotes":""},"categories":[19],"tags":[],"_links":{"self":[{"href":"https:\/\/www.legrandmeaulnes.fr\/index.php?rest_route=\/wp\/v2\/posts\/3353"}],"collection":[{"href":"https:\/\/www.legrandmeaulnes.fr\/index.php?rest_route=\/wp\/v2\/posts"}],"about":[{"href":"https:\/\/www.legrandmeaulnes.fr\/index.php?rest_route=\/wp\/v2\/types\/post"}],"author":[{"embeddable":true,"href":"https:\/\/www.legrandmeaulnes.fr\/index.php?rest_route=\/wp\/v2\/users\/3"}],"replies":[{"embeddable":true,"href":"https:\/\/www.legrandmeaulnes.fr\/index.php?rest_route=%2Fwp%2Fv2%2Fcomments&post=3353"}],"version-history":[{"count":3,"href":"https:\/\/www.legrandmeaulnes.fr\/index.php?rest_route=\/wp\/v2\/posts\/3353\/revisions"}],"predecessor-version":[{"id":3359,"href":"https:\/\/www.legrandmeaulnes.fr\/index.php?rest_route=\/wp\/v2\/posts\/3353\/revisions\/3359"}],"wp:attachment":[{"href":"https:\/\/www.legrandmeaulnes.fr\/index.php?rest_route=%2Fwp%2Fv2%2Fmedia&parent=3353"}],"wp:term":[{"taxonomy":"category","embeddable":true,"href":"https:\/\/www.legrandmeaulnes.fr\/index.php?rest_route=%2Fwp%2Fv2%2Fcategories&post=3353"},{"taxonomy":"post_tag","embeddable":true,"href":"https:\/\/www.legrandmeaulnes.fr\/index.php?rest_route=%2Fwp%2Fv2%2Ftags&post=3353"}],"curies":[{"name":"wp","href":"https:\/\/api.w.org\/{rel}","templated":true}]}}