{"id":3457,"date":"2017-04-03T09:39:40","date_gmt":"2017-04-03T09:39:40","guid":{"rendered":"http:\/\/www.legrandmeaulnes.fr\/?p=3457"},"modified":"2020-03-15T07:55:10","modified_gmt":"2020-03-15T07:55:10","slug":"projet-lezarts-au-college-le-mannequin-challenge-des-5eme-guillem","status":"publish","type":"post","link":"https:\/\/www.legrandmeaulnes.fr\/?p=3457","title":{"rendered":"Projet Lez&#8217;Arts au coll\u00e8ge : le Mannequin Challenge des 5\u00e8me Guillem"},"content":{"rendered":"<p>Les \u00e9l\u00e8ves de 5\u00e8me Guillem dans le cadre de leur projet de danse men\u00e9 par Mme Bruas ont rencontr\u00e9 les 5\u00e8me D du coll\u00e8ge Victor Hugo le 7 mars dernier.<\/p>\n<p>A\u00a0l&#8217;occasion de cette deuxi\u00e8me rencontre entre les deux classes, les \u00e9l\u00e8ves ont particip\u00e9 \u00e0 un quiz sur le th\u00e8me de la danse et ont ensuite \u00e9t\u00e9 invit\u00e9s par les \u00e9l\u00e8ves du coll\u00e8ge \u00e0 participer \u00e0 un mannequin challenge. Le tout s&#8217;est fini par un go\u00fbter.<\/p>\n<p>Le spectacle de danse des 5\u00e8me Guillem du coll\u00e8ge et des 5\u00e8me D de Victor Hugo aura lieu le <strong>jeudi 18 mai \u00e0 19 heures \u00e0 la salle des f\u00eates de la Chancellerie<\/strong>. Ce spectacle sera le fruit du travail des \u00e9l\u00e8ves avec les chor\u00e9graphes professionnels Filipe Louren\u00e7o et Ana-Christina Velasquez.<\/p>\n<p><iframe loading=\"lazy\" src=\"https:\/\/player.vimeo.com\/video\/207388387\" width=\"640\" height=\"360\" frameborder=\"0\" allowfullscreen=\"allowfullscreen\"><\/iframe><\/p>\n<p>&nbsp;<\/p>\n","protected":false},"excerpt":{"rendered":"<p>Les \u00e9l\u00e8ves de 5\u00e8me Guillem dans le cadre de leur projet de danse men\u00e9 par<\/p>\n","protected":false},"author":9,"featured_media":0,"comment_status":"closed","ping_status":"closed","sticky":false,"template":"","format":"standard","meta":{"footnotes":""},"categories":[18],"tags":[],"_links":{"self":[{"href":"https:\/\/www.legrandmeaulnes.fr\/index.php?rest_route=\/wp\/v2\/posts\/3457"}],"collection":[{"href":"https:\/\/www.legrandmeaulnes.fr\/index.php?rest_route=\/wp\/v2\/posts"}],"about":[{"href":"https:\/\/www.legrandmeaulnes.fr\/index.php?rest_route=\/wp\/v2\/types\/post"}],"author":[{"embeddable":true,"href":"https:\/\/www.legrandmeaulnes.fr\/index.php?rest_route=\/wp\/v2\/users\/9"}],"replies":[{"embeddable":true,"href":"https:\/\/www.legrandmeaulnes.fr\/index.php?rest_route=%2Fwp%2Fv2%2Fcomments&post=3457"}],"version-history":[{"count":5,"href":"https:\/\/www.legrandmeaulnes.fr\/index.php?rest_route=\/wp\/v2\/posts\/3457\/revisions"}],"predecessor-version":[{"id":3463,"href":"https:\/\/www.legrandmeaulnes.fr\/index.php?rest_route=\/wp\/v2\/posts\/3457\/revisions\/3463"}],"wp:attachment":[{"href":"https:\/\/www.legrandmeaulnes.fr\/index.php?rest_route=%2Fwp%2Fv2%2Fmedia&parent=3457"}],"wp:term":[{"taxonomy":"category","embeddable":true,"href":"https:\/\/www.legrandmeaulnes.fr\/index.php?rest_route=%2Fwp%2Fv2%2Fcategories&post=3457"},{"taxonomy":"post_tag","embeddable":true,"href":"https:\/\/www.legrandmeaulnes.fr\/index.php?rest_route=%2Fwp%2Fv2%2Ftags&post=3457"}],"curies":[{"name":"wp","href":"https:\/\/api.w.org\/{rel}","templated":true}]}}