{"id":5007,"date":"2021-03-23T08:45:54","date_gmt":"2021-03-23T08:45:54","guid":{"rendered":"http:\/\/www.legrandmeaulnes.fr\/?p=5007"},"modified":"2021-04-06T13:51:20","modified_gmt":"2021-04-06T13:51:20","slug":"concours-de-dessin-sur-le-theme-de-la-laicite","status":"publish","type":"post","link":"https:\/\/www.legrandmeaulnes.fr\/?p=5007","title":{"rendered":"Concours de dessin sur le th\u00e8me de la la\u00efcit\u00e9 (d\u00e9lai rallong\u00e9)"},"content":{"rendered":"\n<p>Les membres du CVC lancent cette semaine un concours de dessin sur le th\u00e8me de la la\u00efcit\u00e9 ouvert \u00e0 tous les \u00e9l\u00e8ves.<\/p>\n\n\n\n<p>Attention<strong> <span class=\"has-inline-color has-luminous-vivid-orange-color\">modification de date : <\/span><\/strong>Vous avez jusqu&#8217;au <strong><span class=\"has-inline-color has-luminous-vivid-orange-color\">14 mai <\/span><\/strong>pour d\u00e9poser votre dessin au CDI.<\/p>\n\n\n\n<div class=\"wp-block-image\"><figure class=\"aligncenter size-large\"><img decoding=\"async\" loading=\"lazy\" width=\"354\" height=\"500\" src=\"http:\/\/www.legrandmeaulnes.fr\/wp-content\/uploads\/2021\/03\/Copie-de-Laicite-354x500.jpg\" alt=\"\" class=\"wp-image-5008\" srcset=\"https:\/\/www.legrandmeaulnes.fr\/wp-content\/uploads\/2021\/03\/Copie-de-Laicite-354x500.jpg 354w, https:\/\/www.legrandmeaulnes.fr\/wp-content\/uploads\/2021\/03\/Copie-de-Laicite-141x200.jpg 141w, https:\/\/www.legrandmeaulnes.fr\/wp-content\/uploads\/2021\/03\/Copie-de-Laicite-768x1086.jpg 768w, https:\/\/www.legrandmeaulnes.fr\/wp-content\/uploads\/2021\/03\/Copie-de-Laicite-1086x1536.jpg 1086w, https:\/\/www.legrandmeaulnes.fr\/wp-content\/uploads\/2021\/03\/Copie-de-Laicite-42x60.jpg 42w, https:\/\/www.legrandmeaulnes.fr\/wp-content\/uploads\/2021\/03\/Copie-de-Laicite.jpg 1414w\" sizes=\"(max-width: 354px) 100vw, 354px\" \/><\/figure><\/div>\n\n\n\n<p>Pour plus d&#8217;informations lire le <a href=\"http:\/\/www.legrandmeaulnes.fr\/wp-content\/uploads\/2021\/03\/concours-laicite-1.pdf\" data-type=\"URL\" data-id=\"http:\/\/www.legrandmeaulnes.fr\/wp-content\/uploads\/2021\/03\/concours-laicite-1.pdf\" target=\"_blank\" rel=\"noreferrer noopener\">r\u00e8glement du concours<\/a><\/p>\n","protected":false},"excerpt":{"rendered":"<p>Les membres du CVC lancent cette semaine un concours de dessin sur le th\u00e8me de<\/p>\n","protected":false},"author":9,"featured_media":5008,"comment_status":"closed","ping_status":"closed","sticky":false,"template":"","format":"standard","meta":{"footnotes":""},"categories":[6],"tags":[],"_links":{"self":[{"href":"https:\/\/www.legrandmeaulnes.fr\/index.php?rest_route=\/wp\/v2\/posts\/5007"}],"collection":[{"href":"https:\/\/www.legrandmeaulnes.fr\/index.php?rest_route=\/wp\/v2\/posts"}],"about":[{"href":"https:\/\/www.legrandmeaulnes.fr\/index.php?rest_route=\/wp\/v2\/types\/post"}],"author":[{"embeddable":true,"href":"https:\/\/www.legrandmeaulnes.fr\/index.php?rest_route=\/wp\/v2\/users\/9"}],"replies":[{"embeddable":true,"href":"https:\/\/www.legrandmeaulnes.fr\/index.php?rest_route=%2Fwp%2Fv2%2Fcomments&post=5007"}],"version-history":[{"count":4,"href":"https:\/\/www.legrandmeaulnes.fr\/index.php?rest_route=\/wp\/v2\/posts\/5007\/revisions"}],"predecessor-version":[{"id":5047,"href":"https:\/\/www.legrandmeaulnes.fr\/index.php?rest_route=\/wp\/v2\/posts\/5007\/revisions\/5047"}],"wp:featuredmedia":[{"embeddable":true,"href":"https:\/\/www.legrandmeaulnes.fr\/index.php?rest_route=\/wp\/v2\/media\/5008"}],"wp:attachment":[{"href":"https:\/\/www.legrandmeaulnes.fr\/index.php?rest_route=%2Fwp%2Fv2%2Fmedia&parent=5007"}],"wp:term":[{"taxonomy":"category","embeddable":true,"href":"https:\/\/www.legrandmeaulnes.fr\/index.php?rest_route=%2Fwp%2Fv2%2Fcategories&post=5007"},{"taxonomy":"post_tag","embeddable":true,"href":"https:\/\/www.legrandmeaulnes.fr\/index.php?rest_route=%2Fwp%2Fv2%2Ftags&post=5007"}],"curies":[{"name":"wp","href":"https:\/\/api.w.org\/{rel}","templated":true}]}}