{"id":5189,"date":"2021-09-22T06:35:57","date_gmt":"2021-09-22T06:35:57","guid":{"rendered":"http:\/\/www.legrandmeaulnes.fr\/?p=5189"},"modified":"2021-09-22T06:36:01","modified_gmt":"2021-09-22T06:36:01","slug":"reprise-de-la-chorale-vendredi-24-septembre","status":"publish","type":"post","link":"https:\/\/www.legrandmeaulnes.fr\/?p=5189","title":{"rendered":"Reprise de la chorale vendredi 24 septembre"},"content":{"rendered":"\n<p>La chorale du coll\u00e8ge revient cette ann\u00e9e avec un nouveau programme, <strong>sur le th\u00e8me de<br>l\u2019environnement, l\u2019eau, la nature.<\/strong> La premi\u00e8re s\u00e9ance aura lieu vendredi 24 septembre de 12h15 \u00e0 13h en salle 203.<\/p>\n\n\n\n<p>Vous aimez chanter ? Vous avez envie d\u2019apprendre un r\u00e9pertoire ?<br>Ce moment est fait pour vous.<br><\/p>\n\n\n\n<div class=\"wp-block-image\"><figure class=\"aligncenter size-large\"><img decoding=\"async\" loading=\"lazy\" width=\"353\" height=\"500\" src=\"http:\/\/www.legrandmeaulnes.fr\/wp-content\/uploads\/2021\/09\/affiche-chorale-LGM-353x500.jpg\" alt=\"\" class=\"wp-image-5187\" srcset=\"https:\/\/www.legrandmeaulnes.fr\/wp-content\/uploads\/2021\/09\/affiche-chorale-LGM-353x500.jpg 353w, https:\/\/www.legrandmeaulnes.fr\/wp-content\/uploads\/2021\/09\/affiche-chorale-LGM-141x200.jpg 141w, https:\/\/www.legrandmeaulnes.fr\/wp-content\/uploads\/2021\/09\/affiche-chorale-LGM-768x1087.jpg 768w, https:\/\/www.legrandmeaulnes.fr\/wp-content\/uploads\/2021\/09\/affiche-chorale-LGM-1085x1536.jpg 1085w, https:\/\/www.legrandmeaulnes.fr\/wp-content\/uploads\/2021\/09\/affiche-chorale-LGM.jpg 1447w\" sizes=\"(max-width: 353px) 100vw, 353px\" \/><\/figure><\/div>\n\n\n\n<p><strong>Qui peut s\u2019inscrire ?<\/strong><\/p>\n\n\n\n<ul><li>tout \u00e9l\u00e8ve aimant chanter, aucune comp\u00e9tence particuli\u00e8re n\u2019est requise.<br>Comment se passe une ann\u00e9e de chorale ?<\/li><li>les \u00e9l\u00e8ves apprennent un r\u00e9pertoire tout au long de l\u2019ann\u00e9e, compos\u00e9 d\u2019une dizaine de chansons.<\/li><li>en fin d\u2019ann\u00e9e des concerts sont pr\u00e9vus, moments de joie et de partage importants.<\/li><li>quelques moments forts ponctueront r\u00e9guli\u00e8rement l\u2019ann\u00e9e.<br>Quels sont les bienfaits de la chorale ?<br>La chorale permet de :<\/li><li>travailler sa posture, sa voix, d\u00e9velopper son expression vocale<\/li><li>prendre confiance en soi<\/li><li>d\u00e9velopper le go\u00fbt de l\u2019entraide, du collectif<\/li><li>d\u00e9couvrir un r\u00e9pertoire<\/li><li>s\u2019exprimer<br><br>Pour tout renseignement, contacter Mme Bruas. A bient\u00f4t !<\/li><\/ul>\n\n\n\n<div class=\"wp-block-file\"><a href=\"http:\/\/www.legrandmeaulnes.fr\/wp-content\/uploads\/2021\/09\/pub-chorale-2021-2022.pdf\">pub chorale 2021-2022<\/a><a href=\"http:\/\/www.legrandmeaulnes.fr\/wp-content\/uploads\/2021\/09\/pub-chorale-2021-2022.pdf\" class=\"wp-block-file__button\" download>T\u00e9l\u00e9charger<\/a><\/div>\n","protected":false},"excerpt":{"rendered":"<p>La chorale du coll\u00e8ge revient cette ann\u00e9e avec un nouveau programme, sur le th\u00e8me del\u2019environnement,<\/p>\n","protected":false},"author":9,"featured_media":5187,"comment_status":"closed","ping_status":"closed","sticky":false,"template":"","format":"standard","meta":{"footnotes":""},"categories":[6,34],"tags":[],"_links":{"self":[{"href":"https:\/\/www.legrandmeaulnes.fr\/index.php?rest_route=\/wp\/v2\/posts\/5189"}],"collection":[{"href":"https:\/\/www.legrandmeaulnes.fr\/index.php?rest_route=\/wp\/v2\/posts"}],"about":[{"href":"https:\/\/www.legrandmeaulnes.fr\/index.php?rest_route=\/wp\/v2\/types\/post"}],"author":[{"embeddable":true,"href":"https:\/\/www.legrandmeaulnes.fr\/index.php?rest_route=\/wp\/v2\/users\/9"}],"replies":[{"embeddable":true,"href":"https:\/\/www.legrandmeaulnes.fr\/index.php?rest_route=%2Fwp%2Fv2%2Fcomments&post=5189"}],"version-history":[{"count":1,"href":"https:\/\/www.legrandmeaulnes.fr\/index.php?rest_route=\/wp\/v2\/posts\/5189\/revisions"}],"predecessor-version":[{"id":5190,"href":"https:\/\/www.legrandmeaulnes.fr\/index.php?rest_route=\/wp\/v2\/posts\/5189\/revisions\/5190"}],"wp:featuredmedia":[{"embeddable":true,"href":"https:\/\/www.legrandmeaulnes.fr\/index.php?rest_route=\/wp\/v2\/media\/5187"}],"wp:attachment":[{"href":"https:\/\/www.legrandmeaulnes.fr\/index.php?rest_route=%2Fwp%2Fv2%2Fmedia&parent=5189"}],"wp:term":[{"taxonomy":"category","embeddable":true,"href":"https:\/\/www.legrandmeaulnes.fr\/index.php?rest_route=%2Fwp%2Fv2%2Fcategories&post=5189"},{"taxonomy":"post_tag","embeddable":true,"href":"https:\/\/www.legrandmeaulnes.fr\/index.php?rest_route=%2Fwp%2Fv2%2Ftags&post=5189"}],"curies":[{"name":"wp","href":"https:\/\/api.w.org\/{rel}","templated":true}]}}