{"id":5367,"date":"2022-03-01T13:28:54","date_gmt":"2022-03-01T13:28:54","guid":{"rendered":"http:\/\/www.legrandmeaulnes.fr\/?p=5367"},"modified":"2022-03-01T13:30:41","modified_gmt":"2022-03-01T13:30:41","slug":"jeunes-en-librairie-pour-les-4eme-brady","status":"publish","type":"post","link":"https:\/\/www.legrandmeaulnes.fr\/?p=5367","title":{"rendered":"Jeunes en librairie pour les 4\u00e8me BRADY"},"content":{"rendered":"\n<p>Les \u00e9l\u00e8ves de la classe de 4\u00e8me BRADY ont \u00e9t\u00e9 s\u00e9lectionn\u00e9s pour participer \u00e0 l&#8217;op\u00e9ration Jeunes en librairie initi\u00e9 par Ciclic.<\/p>\n\n\n\n<p><strong>Jeunes en librairie en r\u00e9gion Centre-Val de Loire est un nouveau dispositif d\u2019\u00e9ducation artistique et culturelle qui doit permettre de d\u00e9couvrir les librairies et leur r\u00f4le essentiel dans la promotion du livre et des auteurs.\u00a0<\/strong><\/p>\n\n\n\n<p>Ainsi les \u00e9l\u00e8ves ont pu rencontrer et \u00e9changer avec B\u00e9n\u00e9dicte Oudinet libraire des Pages du Donjon \u00e0 Bourges. Lors de ces 2 visites des \u00e9changes autour du m\u00e9tier de libraire mais aussi des conseils lecture. A l&#8217;issue de ces rencontres chaque \u00e9l\u00e8ve de la classe a pu profiter d&#8217;un bon d&#8217;achat de livres d&#8217;une somme de 30 \u20ac.<\/p>\n\n\n\n<p>Pour plus d&#8217;informations sur le dispositif Jeunes en Librairie site de <a href=\"https:\/\/ciclic.fr\/jeunesenlibrairie\" data-type=\"URL\" data-id=\"https:\/\/ciclic.fr\/jeunesenlibrairie\" target=\"_blank\" rel=\"noreferrer noopener\">CICLIC<\/a><\/p>\n\n\n\n<div class=\"wp-block-image\"><figure class=\"aligncenter size-large\"><img decoding=\"async\" loading=\"lazy\" width=\"500\" height=\"287\" src=\"http:\/\/www.legrandmeaulnes.fr\/wp-content\/uploads\/2022\/03\/JELjpg-500x287.jpg\" alt=\"\" class=\"wp-image-5369\" srcset=\"https:\/\/www.legrandmeaulnes.fr\/wp-content\/uploads\/2022\/03\/JELjpg-500x287.jpg 500w, https:\/\/www.legrandmeaulnes.fr\/wp-content\/uploads\/2022\/03\/JELjpg-200x115.jpg 200w, https:\/\/www.legrandmeaulnes.fr\/wp-content\/uploads\/2022\/03\/JELjpg-768x441.jpg 768w, https:\/\/www.legrandmeaulnes.fr\/wp-content\/uploads\/2022\/03\/JELjpg.jpg 838w\" sizes=\"(max-width: 500px) 100vw, 500px\" \/><\/figure><\/div>\n","protected":false},"excerpt":{"rendered":"<p>Les \u00e9l\u00e8ves de la classe de 4\u00e8me BRADY ont \u00e9t\u00e9 s\u00e9lectionn\u00e9s pour participer \u00e0 l&#8217;op\u00e9ration<\/p>\n","protected":false},"author":9,"featured_media":5369,"comment_status":"closed","ping_status":"closed","sticky":false,"template":"","format":"standard","meta":{"footnotes":""},"categories":[6,17,18],"tags":[],"_links":{"self":[{"href":"https:\/\/www.legrandmeaulnes.fr\/index.php?rest_route=\/wp\/v2\/posts\/5367"}],"collection":[{"href":"https:\/\/www.legrandmeaulnes.fr\/index.php?rest_route=\/wp\/v2\/posts"}],"about":[{"href":"https:\/\/www.legrandmeaulnes.fr\/index.php?rest_route=\/wp\/v2\/types\/post"}],"author":[{"embeddable":true,"href":"https:\/\/www.legrandmeaulnes.fr\/index.php?rest_route=\/wp\/v2\/users\/9"}],"replies":[{"embeddable":true,"href":"https:\/\/www.legrandmeaulnes.fr\/index.php?rest_route=%2Fwp%2Fv2%2Fcomments&post=5367"}],"version-history":[{"count":2,"href":"https:\/\/www.legrandmeaulnes.fr\/index.php?rest_route=\/wp\/v2\/posts\/5367\/revisions"}],"predecessor-version":[{"id":5371,"href":"https:\/\/www.legrandmeaulnes.fr\/index.php?rest_route=\/wp\/v2\/posts\/5367\/revisions\/5371"}],"wp:featuredmedia":[{"embeddable":true,"href":"https:\/\/www.legrandmeaulnes.fr\/index.php?rest_route=\/wp\/v2\/media\/5369"}],"wp:attachment":[{"href":"https:\/\/www.legrandmeaulnes.fr\/index.php?rest_route=%2Fwp%2Fv2%2Fmedia&parent=5367"}],"wp:term":[{"taxonomy":"category","embeddable":true,"href":"https:\/\/www.legrandmeaulnes.fr\/index.php?rest_route=%2Fwp%2Fv2%2Fcategories&post=5367"},{"taxonomy":"post_tag","embeddable":true,"href":"https:\/\/www.legrandmeaulnes.fr\/index.php?rest_route=%2Fwp%2Fv2%2Ftags&post=5367"}],"curies":[{"name":"wp","href":"https:\/\/api.w.org\/{rel}","templated":true}]}}