{"id":5488,"date":"2022-05-30T11:29:55","date_gmt":"2022-05-30T11:29:55","guid":{"rendered":"http:\/\/www.legrandmeaulnes.fr\/?p=5488"},"modified":"2022-05-30T11:30:14","modified_gmt":"2022-05-30T11:30:14","slug":"le-college-ouvre-ses-portes-le-10-juin","status":"publish","type":"post","link":"https:\/\/www.legrandmeaulnes.fr\/?p=5488","title":{"rendered":"Portes ouvertes du coll\u00e8ge le 10 juin"},"content":{"rendered":"\n<p>Le vendredi 10 juin le coll\u00e8ge ouvre ses portes \u00e0 partir de 17 h. <\/p>\n\n\n\n<p>Au programme : \u00e0 17 h visite du coll\u00e8ge et pr\u00e9sentation des travaux des \u00e9l\u00e8ves suivis d&#8217;une sc\u00e8ne ouverte \u00e0 partir de 18h30.<\/p>\n\n\n\n<p>On vous attend nombreux !<\/p>\n\n\n\n<div class=\"wp-block-image\"><figure class=\"aligncenter size-large\"><img decoding=\"async\" loading=\"lazy\" width=\"353\" height=\"500\" src=\"http:\/\/www.legrandmeaulnes.fr\/wp-content\/uploads\/2022\/05\/PORTES-OUVERTES-LGM-353x500.png\" alt=\"\" class=\"wp-image-5487\" srcset=\"https:\/\/www.legrandmeaulnes.fr\/wp-content\/uploads\/2022\/05\/PORTES-OUVERTES-LGM-353x500.png 353w, https:\/\/www.legrandmeaulnes.fr\/wp-content\/uploads\/2022\/05\/PORTES-OUVERTES-LGM-141x200.png 141w, https:\/\/www.legrandmeaulnes.fr\/wp-content\/uploads\/2022\/05\/PORTES-OUVERTES-LGM-768x1086.png 768w, https:\/\/www.legrandmeaulnes.fr\/wp-content\/uploads\/2022\/05\/PORTES-OUVERTES-LGM-1086x1536.png 1086w, https:\/\/www.legrandmeaulnes.fr\/wp-content\/uploads\/2022\/05\/PORTES-OUVERTES-LGM-1448x2048.png 1448w, https:\/\/www.legrandmeaulnes.fr\/wp-content\/uploads\/2022\/05\/PORTES-OUVERTES-LGM.png 1587w\" sizes=\"(max-width: 353px) 100vw, 353px\" \/><\/figure><\/div>\n","protected":false},"excerpt":{"rendered":"<p>Le vendredi 10 juin le coll\u00e8ge ouvre ses portes \u00e0 partir de 17 h. Au<\/p>\n","protected":false},"author":9,"featured_media":5487,"comment_status":"closed","ping_status":"closed","sticky":false,"template":"","format":"standard","meta":{"footnotes":""},"categories":[6],"tags":[],"_links":{"self":[{"href":"https:\/\/www.legrandmeaulnes.fr\/index.php?rest_route=\/wp\/v2\/posts\/5488"}],"collection":[{"href":"https:\/\/www.legrandmeaulnes.fr\/index.php?rest_route=\/wp\/v2\/posts"}],"about":[{"href":"https:\/\/www.legrandmeaulnes.fr\/index.php?rest_route=\/wp\/v2\/types\/post"}],"author":[{"embeddable":true,"href":"https:\/\/www.legrandmeaulnes.fr\/index.php?rest_route=\/wp\/v2\/users\/9"}],"replies":[{"embeddable":true,"href":"https:\/\/www.legrandmeaulnes.fr\/index.php?rest_route=%2Fwp%2Fv2%2Fcomments&post=5488"}],"version-history":[{"count":2,"href":"https:\/\/www.legrandmeaulnes.fr\/index.php?rest_route=\/wp\/v2\/posts\/5488\/revisions"}],"predecessor-version":[{"id":5490,"href":"https:\/\/www.legrandmeaulnes.fr\/index.php?rest_route=\/wp\/v2\/posts\/5488\/revisions\/5490"}],"wp:featuredmedia":[{"embeddable":true,"href":"https:\/\/www.legrandmeaulnes.fr\/index.php?rest_route=\/wp\/v2\/media\/5487"}],"wp:attachment":[{"href":"https:\/\/www.legrandmeaulnes.fr\/index.php?rest_route=%2Fwp%2Fv2%2Fmedia&parent=5488"}],"wp:term":[{"taxonomy":"category","embeddable":true,"href":"https:\/\/www.legrandmeaulnes.fr\/index.php?rest_route=%2Fwp%2Fv2%2Fcategories&post=5488"},{"taxonomy":"post_tag","embeddable":true,"href":"https:\/\/www.legrandmeaulnes.fr\/index.php?rest_route=%2Fwp%2Fv2%2Ftags&post=5488"}],"curies":[{"name":"wp","href":"https:\/\/api.w.org\/{rel}","templated":true}]}}