{"id":5532,"date":"2022-08-29T12:05:08","date_gmt":"2022-08-29T12:05:08","guid":{"rendered":"http:\/\/www.legrandmeaulnes.fr\/?p=5532"},"modified":"2022-08-29T12:05:11","modified_gmt":"2022-08-29T12:05:11","slug":"dates-de-rentree-scolaire-2022-2023-des-eleves","status":"publish","type":"post","link":"https:\/\/www.legrandmeaulnes.fr\/?p=5532","title":{"rendered":"DATES DE RENTREE SCOLAIRE 2022-2023 DES ELEVES"},"content":{"rendered":"\n<p><strong>Sixi\u00e8mes<\/strong>\u00a0<\/p>\n\n\n\n<p>JEUDI 1er SEPTEMBRE 2022 DE 09H13 A 16H02 (pause m\u00e9ridienne pour les externes de 11h14 \u00e0 12h54). Emploi du temps normal d\u00e8s le lundi 05 septembre 2022. Les \u00e9l\u00e8ves de 6\u00e8me seront lib\u00e9r\u00e9s le vendredi 02 septembre 2022.<\/p>\n\n\n\n<p><strong>Cinqui\u00e8mes<\/strong><\/p>\n\n\n\n<p>VENDREDI 02 SEPTEMBRE 2022 DE 10H21 A 16H02 (pause m\u00e9ridienne pour les externes de 11h14 \u00e0 12h54)<\/p>\n\n\n\n<p><strong>Quatri\u00e8mes&nbsp;<\/strong><\/p>\n\n\n\n<p>VENDREDI 02 SEPTEMBRE 2022 DE 09H13 A 16H02 (pause m\u00e9ridienne pour les externes de 11h14 \u00e0 12h54)<\/p>\n\n\n\n<p><strong>Troisi\u00e8mes et ULIS<\/strong><\/p>\n\n\n\n<p>VENDREDI 02 SEPTEMBRE 2022 DE 08H20 A 16H02 (pause m\u00e9ridienne pour les externes de 11h14 \u00e0 12h54)<\/p>\n\n\n\n<p>Image par <a href=\"https:\/\/pixabay.com\/fr\/users\/openclipart-vectors-30363\/?utm_source=link-attribution&amp;utm_medium=referral&amp;utm_campaign=image&amp;utm_content=146189\">OpenClipart-Vectors<\/a> de <a href=\"https:\/\/pixabay.com\/fr\/\/?utm_source=link-attribution&amp;utm_medium=referral&amp;utm_campaign=image&amp;utm_content=146189\">Pixabay<\/a><\/p>\n","protected":false},"excerpt":{"rendered":"<p>Sixi\u00e8mes\u00a0 JEUDI 1er SEPTEMBRE 2022 DE 09H13 A 16H02 (pause m\u00e9ridienne pour les externes de<\/p>\n","protected":false},"author":9,"featured_media":5533,"comment_status":"closed","ping_status":"closed","sticky":false,"template":"","format":"standard","meta":{"footnotes":""},"categories":[6],"tags":[],"_links":{"self":[{"href":"https:\/\/www.legrandmeaulnes.fr\/index.php?rest_route=\/wp\/v2\/posts\/5532"}],"collection":[{"href":"https:\/\/www.legrandmeaulnes.fr\/index.php?rest_route=\/wp\/v2\/posts"}],"about":[{"href":"https:\/\/www.legrandmeaulnes.fr\/index.php?rest_route=\/wp\/v2\/types\/post"}],"author":[{"embeddable":true,"href":"https:\/\/www.legrandmeaulnes.fr\/index.php?rest_route=\/wp\/v2\/users\/9"}],"replies":[{"embeddable":true,"href":"https:\/\/www.legrandmeaulnes.fr\/index.php?rest_route=%2Fwp%2Fv2%2Fcomments&post=5532"}],"version-history":[{"count":1,"href":"https:\/\/www.legrandmeaulnes.fr\/index.php?rest_route=\/wp\/v2\/posts\/5532\/revisions"}],"predecessor-version":[{"id":5534,"href":"https:\/\/www.legrandmeaulnes.fr\/index.php?rest_route=\/wp\/v2\/posts\/5532\/revisions\/5534"}],"wp:featuredmedia":[{"embeddable":true,"href":"https:\/\/www.legrandmeaulnes.fr\/index.php?rest_route=\/wp\/v2\/media\/5533"}],"wp:attachment":[{"href":"https:\/\/www.legrandmeaulnes.fr\/index.php?rest_route=%2Fwp%2Fv2%2Fmedia&parent=5532"}],"wp:term":[{"taxonomy":"category","embeddable":true,"href":"https:\/\/www.legrandmeaulnes.fr\/index.php?rest_route=%2Fwp%2Fv2%2Fcategories&post=5532"},{"taxonomy":"post_tag","embeddable":true,"href":"https:\/\/www.legrandmeaulnes.fr\/index.php?rest_route=%2Fwp%2Fv2%2Ftags&post=5532"}],"curies":[{"name":"wp","href":"https:\/\/api.w.org\/{rel}","templated":true}]}}