{"id":5915,"date":"2023-04-03T12:20:06","date_gmt":"2023-04-03T12:20:06","guid":{"rendered":"https:\/\/www.legrandmeaulnes.fr\/?p=5915"},"modified":"2023-04-03T12:20:09","modified_gmt":"2023-04-03T12:20:09","slug":"projet-le-printemps-des-inouis-rencontre-avec-le-journaliste-musical-christophe-crenel","status":"publish","type":"post","link":"https:\/\/www.legrandmeaulnes.fr\/?p=5915","title":{"rendered":"Projet &#8220;Le Printemps des Inou\u00efs&#8221; : rencontre avec le journaliste musical Christophe Cr\u00e9nel"},"content":{"rendered":"\n<p>Dans le cadre du projet &#8220;Le Printemps des Inou\u00efs&#8221; les \u00e9l\u00e8ves de 5\u00e8me Weber ont rencontr\u00e9 le journaliste musical Christophe Crenel. Il a, dans un premier temps, donn\u00e9 des conseils aux \u00e9l\u00e8ves pour r\u00e9aliser une interview. Dans une deuxi\u00e8me temps, les \u00e9l\u00e8ves r\u00e9partis en groupe ont fait un exercice d&#8217;interview. <\/p>\n\n\n\n<p>L&#8217;objectif de cette s\u00e9ance est de pr\u00e9parer les \u00e9l\u00e8ves \u00e0 l&#8217;interview d&#8217;un des artistes qui se produira dans le cadre des Inou\u00efs du Printemps de Bourges.<\/p>\n\n\n\n<figure class=\"wp-block-image size-full\"><img decoding=\"async\" loading=\"lazy\" width=\"2560\" height=\"1152\" src=\"https:\/\/www.legrandmeaulnes.fr\/wp-content\/uploads\/2023\/04\/1680523522202-scaled.jpg\" alt=\"\" class=\"wp-image-5916\" srcset=\"https:\/\/www.legrandmeaulnes.fr\/wp-content\/uploads\/2023\/04\/1680523522202-scaled.jpg 2560w, https:\/\/www.legrandmeaulnes.fr\/wp-content\/uploads\/2023\/04\/1680523522202-200x90.jpg 200w, https:\/\/www.legrandmeaulnes.fr\/wp-content\/uploads\/2023\/04\/1680523522202-500x225.jpg 500w, https:\/\/www.legrandmeaulnes.fr\/wp-content\/uploads\/2023\/04\/1680523522202-768x346.jpg 768w, https:\/\/www.legrandmeaulnes.fr\/wp-content\/uploads\/2023\/04\/1680523522202-1536x691.jpg 1536w, https:\/\/www.legrandmeaulnes.fr\/wp-content\/uploads\/2023\/04\/1680523522202-2048x922.jpg 2048w\" sizes=\"(max-width: 2560px) 100vw, 2560px\" \/><\/figure>\n","protected":false},"excerpt":{"rendered":"<p>Dans le cadre du projet &#8220;Le Printemps des Inou\u00efs&#8221; les \u00e9l\u00e8ves de 5\u00e8me Weber ont<\/p>\n","protected":false},"author":9,"featured_media":5916,"comment_status":"closed","ping_status":"closed","sticky":false,"template":"","format":"standard","meta":{"footnotes":""},"categories":[6,18],"tags":[],"_links":{"self":[{"href":"https:\/\/www.legrandmeaulnes.fr\/index.php?rest_route=\/wp\/v2\/posts\/5915"}],"collection":[{"href":"https:\/\/www.legrandmeaulnes.fr\/index.php?rest_route=\/wp\/v2\/posts"}],"about":[{"href":"https:\/\/www.legrandmeaulnes.fr\/index.php?rest_route=\/wp\/v2\/types\/post"}],"author":[{"embeddable":true,"href":"https:\/\/www.legrandmeaulnes.fr\/index.php?rest_route=\/wp\/v2\/users\/9"}],"replies":[{"embeddable":true,"href":"https:\/\/www.legrandmeaulnes.fr\/index.php?rest_route=%2Fwp%2Fv2%2Fcomments&post=5915"}],"version-history":[{"count":1,"href":"https:\/\/www.legrandmeaulnes.fr\/index.php?rest_route=\/wp\/v2\/posts\/5915\/revisions"}],"predecessor-version":[{"id":5917,"href":"https:\/\/www.legrandmeaulnes.fr\/index.php?rest_route=\/wp\/v2\/posts\/5915\/revisions\/5917"}],"wp:featuredmedia":[{"embeddable":true,"href":"https:\/\/www.legrandmeaulnes.fr\/index.php?rest_route=\/wp\/v2\/media\/5916"}],"wp:attachment":[{"href":"https:\/\/www.legrandmeaulnes.fr\/index.php?rest_route=%2Fwp%2Fv2%2Fmedia&parent=5915"}],"wp:term":[{"taxonomy":"category","embeddable":true,"href":"https:\/\/www.legrandmeaulnes.fr\/index.php?rest_route=%2Fwp%2Fv2%2Fcategories&post=5915"},{"taxonomy":"post_tag","embeddable":true,"href":"https:\/\/www.legrandmeaulnes.fr\/index.php?rest_route=%2Fwp%2Fv2%2Ftags&post=5915"}],"curies":[{"name":"wp","href":"https:\/\/api.w.org\/{rel}","templated":true}]}}