{"id":5919,"date":"2023-04-03T12:28:43","date_gmt":"2023-04-03T12:28:43","guid":{"rendered":"https:\/\/www.legrandmeaulnes.fr\/?p=5919"},"modified":"2023-04-03T12:34:24","modified_gmt":"2023-04-03T12:34:24","slug":"semaine-des-langues-2eme-edition","status":"publish","type":"post","link":"https:\/\/www.legrandmeaulnes.fr\/?p=5919","title":{"rendered":"Semaine des Langues 2\u00e8me \u00e9dition !"},"content":{"rendered":"\n<p>Comme l&#8217;ann\u00e9e derni\u00e8re le coll\u00e8ge c\u00e9l\u00e8brera les langues du 11 au 14 avril. Au programme : petit-d\u00e9jeuner anglais pour les 6\u00e8me, atelier autour de l&#8217;Inde pour les 3\u00e8me, atelier de danse afro-cubaine, cin\u00e9-club en VO&#8230;.<\/p>\n\n\n\n<figure class=\"wp-block-image size-full\"><img decoding=\"async\" loading=\"lazy\" width=\"1000\" height=\"1415\" src=\"https:\/\/www.legrandmeaulnes.fr\/wp-content\/uploads\/2023\/04\/0c529c1d4d8d9314c47380c77a2792d3-xl.jpg\" alt=\"\" class=\"wp-image-5920\" srcset=\"https:\/\/www.legrandmeaulnes.fr\/wp-content\/uploads\/2023\/04\/0c529c1d4d8d9314c47380c77a2792d3-xl.jpg 1000w, https:\/\/www.legrandmeaulnes.fr\/wp-content\/uploads\/2023\/04\/0c529c1d4d8d9314c47380c77a2792d3-xl-141x200.jpg 141w, https:\/\/www.legrandmeaulnes.fr\/wp-content\/uploads\/2023\/04\/0c529c1d4d8d9314c47380c77a2792d3-xl-353x500.jpg 353w, https:\/\/www.legrandmeaulnes.fr\/wp-content\/uploads\/2023\/04\/0c529c1d4d8d9314c47380c77a2792d3-xl-768x1087.jpg 768w\" sizes=\"(max-width: 1000px) 100vw, 1000px\" \/><\/figure>\n","protected":false},"excerpt":{"rendered":"<p>Comme l&#8217;ann\u00e9e derni\u00e8re le coll\u00e8ge c\u00e9l\u00e8brera les langues du 11 au 14 avril. Au programme<\/p>\n","protected":false},"author":9,"featured_media":5920,"comment_status":"closed","ping_status":"closed","sticky":false,"template":"","format":"standard","meta":{"footnotes":""},"categories":[6,18],"tags":[],"_links":{"self":[{"href":"https:\/\/www.legrandmeaulnes.fr\/index.php?rest_route=\/wp\/v2\/posts\/5919"}],"collection":[{"href":"https:\/\/www.legrandmeaulnes.fr\/index.php?rest_route=\/wp\/v2\/posts"}],"about":[{"href":"https:\/\/www.legrandmeaulnes.fr\/index.php?rest_route=\/wp\/v2\/types\/post"}],"author":[{"embeddable":true,"href":"https:\/\/www.legrandmeaulnes.fr\/index.php?rest_route=\/wp\/v2\/users\/9"}],"replies":[{"embeddable":true,"href":"https:\/\/www.legrandmeaulnes.fr\/index.php?rest_route=%2Fwp%2Fv2%2Fcomments&post=5919"}],"version-history":[{"count":3,"href":"https:\/\/www.legrandmeaulnes.fr\/index.php?rest_route=\/wp\/v2\/posts\/5919\/revisions"}],"predecessor-version":[{"id":5923,"href":"https:\/\/www.legrandmeaulnes.fr\/index.php?rest_route=\/wp\/v2\/posts\/5919\/revisions\/5923"}],"wp:featuredmedia":[{"embeddable":true,"href":"https:\/\/www.legrandmeaulnes.fr\/index.php?rest_route=\/wp\/v2\/media\/5920"}],"wp:attachment":[{"href":"https:\/\/www.legrandmeaulnes.fr\/index.php?rest_route=%2Fwp%2Fv2%2Fmedia&parent=5919"}],"wp:term":[{"taxonomy":"category","embeddable":true,"href":"https:\/\/www.legrandmeaulnes.fr\/index.php?rest_route=%2Fwp%2Fv2%2Fcategories&post=5919"},{"taxonomy":"post_tag","embeddable":true,"href":"https:\/\/www.legrandmeaulnes.fr\/index.php?rest_route=%2Fwp%2Fv2%2Ftags&post=5919"}],"curies":[{"name":"wp","href":"https:\/\/api.w.org\/{rel}","templated":true}]}}