{"id":5995,"date":"2023-09-02T09:47:43","date_gmt":"2023-09-02T09:47:43","guid":{"rendered":"https:\/\/www.legrandmeaulnes.fr\/?p=5995"},"modified":"2023-09-02T09:47:46","modified_gmt":"2023-09-02T09:47:46","slug":"rentree-des-classes-2023-2024","status":"publish","type":"post","link":"https:\/\/www.legrandmeaulnes.fr\/?p=5995","title":{"rendered":"Rentr\u00e9e des classes 2023-2024"},"content":{"rendered":"\n\n\n<div class=\"wp-block-media-text has-media-on-the-right is-stacked-on-mobile is-style-rounded\"><div class=\"wp-block-media-text__content\">\n<h2 class=\"wp-block-heading\"><strong>DATES DE RENTREE SCOLAIRE DES ELEVE<\/strong>S <\/h2>\n\n\n\n<blockquote class=\"wp-block-quote\">\n<p class=\"has-text-align-left\"><strong>CLASSES DE 6\u00e8me<\/strong><\/p>\n<\/blockquote>\n\n\n\n<p><strong>LUNDI 04 SEPTEMBRE 2023 DE 09H13 A 16H02 <\/strong>(pause m\u00e9ridienne pour les externes de 11h14 \u00e0 12h54). <strong><em>Emploi du temps normal d\u00e8s le mercredi 06 septembre 2023<\/em><\/strong>. <mark style=\"background-color:rgba(0, 0, 0, 0)\" class=\"has-inline-color has-vivid-red-color\">Les \u00e9l\u00e8ves de 6\u00e8me seront lib\u00e9r\u00e9s le mardi 05 septembre 2023.<\/mark><\/p>\n\n\n\n<blockquote class=\"wp-block-quote\">\n<p><strong>CLASSES DE 3\u00e8me <\/strong><\/p>\n<\/blockquote>\n\n\n\n<p><strong>MARDI 05 SEPTEMBRE 2023 DE 08H20 A 16H02 <\/strong>(pause m\u00e9ridienne pour les externes de 11h14 \u00e0 12h54)<\/p>\n\n\n\n<blockquote class=\"wp-block-quote\">\n<p><strong>CLASSES DE 4\u00e8me<\/strong><\/p>\n<\/blockquote>\n\n\n\n<p><strong>MARDI 05 SEPTEMBRE 2023 DE 09H13 A 16H02<\/strong> (pause m\u00e9ridienne pour les externes de 11h14 \u00e0 12h54)<\/p>\n\n\n\n<blockquote class=\"wp-block-quote\">\n<p><strong>CLASSES DE 5\u00e8me<\/strong><\/p>\n<\/blockquote>\n\n\n\n<p><strong>MARDI 05 SEPTEMBRE 2023 DE 10H21 A 16H02<\/strong> (pause m\u00e9ridienne pour les externes de 11h14 \u00e0 12h54)<\/p>\n<\/div><figure class=\"wp-block-media-text__media\"><img decoding=\"async\" src=\"https:\/\/cdn.pixabay.com\/photo\/2017\/08\/10\/21\/29\/back-to-school-2628013_1280.jpg\" alt=\"\"\/><\/figure><\/div>\n","protected":false},"excerpt":{"rendered":"","protected":false},"author":17,"featured_media":5999,"comment_status":"closed","ping_status":"closed","sticky":false,"template":"","format":"standard","meta":{"footnotes":""},"categories":[6],"tags":[],"_links":{"self":[{"href":"https:\/\/www.legrandmeaulnes.fr\/index.php?rest_route=\/wp\/v2\/posts\/5995"}],"collection":[{"href":"https:\/\/www.legrandmeaulnes.fr\/index.php?rest_route=\/wp\/v2\/posts"}],"about":[{"href":"https:\/\/www.legrandmeaulnes.fr\/index.php?rest_route=\/wp\/v2\/types\/post"}],"author":[{"embeddable":true,"href":"https:\/\/www.legrandmeaulnes.fr\/index.php?rest_route=\/wp\/v2\/users\/17"}],"replies":[{"embeddable":true,"href":"https:\/\/www.legrandmeaulnes.fr\/index.php?rest_route=%2Fwp%2Fv2%2Fcomments&post=5995"}],"version-history":[{"count":5,"href":"https:\/\/www.legrandmeaulnes.fr\/index.php?rest_route=\/wp\/v2\/posts\/5995\/revisions"}],"predecessor-version":[{"id":6004,"href":"https:\/\/www.legrandmeaulnes.fr\/index.php?rest_route=\/wp\/v2\/posts\/5995\/revisions\/6004"}],"wp:featuredmedia":[{"embeddable":true,"href":"https:\/\/www.legrandmeaulnes.fr\/index.php?rest_route=\/wp\/v2\/media\/5999"}],"wp:attachment":[{"href":"https:\/\/www.legrandmeaulnes.fr\/index.php?rest_route=%2Fwp%2Fv2%2Fmedia&parent=5995"}],"wp:term":[{"taxonomy":"category","embeddable":true,"href":"https:\/\/www.legrandmeaulnes.fr\/index.php?rest_route=%2Fwp%2Fv2%2Fcategories&post=5995"},{"taxonomy":"post_tag","embeddable":true,"href":"https:\/\/www.legrandmeaulnes.fr\/index.php?rest_route=%2Fwp%2Fv2%2Ftags&post=5995"}],"curies":[{"name":"wp","href":"https:\/\/api.w.org\/{rel}","templated":true}]}}