{"id":6000,"date":"2023-09-02T09:44:42","date_gmt":"2023-09-02T09:44:42","guid":{"rendered":"https:\/\/www.legrandmeaulnes.fr\/?p=6000"},"modified":"2023-09-02T09:45:02","modified_gmt":"2023-09-02T09:45:02","slug":"visite-du-recteur-au-college-le-grand-meaulnes","status":"publish","type":"post","link":"https:\/\/www.legrandmeaulnes.fr\/?p=6000","title":{"rendered":"Visite du Recteur au coll\u00e8ge Le Grand Meaulnes"},"content":{"rendered":"\n<p><\/p>\n\n\n\n<div class=\"wp-block-media-text has-media-on-the-right is-stacked-on-mobile\"><div class=\"wp-block-media-text__content\">\n<p class=\"has-text-align-left\"><strong>Ce jeudi 31 ao\u00fbt 2023,<\/strong>  Monsieur Gilles Halbout, recteur de l&#8217;acad\u00e9mie Orl\u00e9ans-Tours, a visit\u00e9 le coll\u00e8ge Le Grand Meaulnes. A cette occasion, il a assist\u00e9 \u00e0 un atelier danse-fitness dans le cadre des Vacances Apprenantes. <\/p>\n<\/div><figure class=\"wp-block-media-text__media\"><img decoding=\"async\" loading=\"lazy\" width=\"500\" height=\"479\" src=\"https:\/\/www.legrandmeaulnes.fr\/wp-content\/uploads\/2023\/09\/F43G67NWIAAoECZ-500x479.jpeg\" alt=\"\" class=\"wp-image-6001 size-full\" srcset=\"https:\/\/www.legrandmeaulnes.fr\/wp-content\/uploads\/2023\/09\/F43G67NWIAAoECZ-500x479.jpeg 500w, https:\/\/www.legrandmeaulnes.fr\/wp-content\/uploads\/2023\/09\/F43G67NWIAAoECZ-200x192.jpeg 200w, https:\/\/www.legrandmeaulnes.fr\/wp-content\/uploads\/2023\/09\/F43G67NWIAAoECZ-768x736.jpeg 768w, https:\/\/www.legrandmeaulnes.fr\/wp-content\/uploads\/2023\/09\/F43G67NWIAAoECZ.jpeg 1523w\" sizes=\"(max-width: 500px) 100vw, 500px\" \/><\/figure><\/div>\n\n\n\n<p><\/p>\n","protected":false},"excerpt":{"rendered":"<p>Ce jeudi 31 ao\u00fbt 2023, Monsieur Gilles Halbout, recteur de l&#8217;acad\u00e9mie Orl\u00e9ans-Tours, a visit\u00e9 le<\/p>\n","protected":false},"author":17,"featured_media":6001,"comment_status":"closed","ping_status":"closed","sticky":false,"template":"","format":"standard","meta":{"footnotes":""},"categories":[6],"tags":[],"_links":{"self":[{"href":"https:\/\/www.legrandmeaulnes.fr\/index.php?rest_route=\/wp\/v2\/posts\/6000"}],"collection":[{"href":"https:\/\/www.legrandmeaulnes.fr\/index.php?rest_route=\/wp\/v2\/posts"}],"about":[{"href":"https:\/\/www.legrandmeaulnes.fr\/index.php?rest_route=\/wp\/v2\/types\/post"}],"author":[{"embeddable":true,"href":"https:\/\/www.legrandmeaulnes.fr\/index.php?rest_route=\/wp\/v2\/users\/17"}],"replies":[{"embeddable":true,"href":"https:\/\/www.legrandmeaulnes.fr\/index.php?rest_route=%2Fwp%2Fv2%2Fcomments&post=6000"}],"version-history":[{"count":1,"href":"https:\/\/www.legrandmeaulnes.fr\/index.php?rest_route=\/wp\/v2\/posts\/6000\/revisions"}],"predecessor-version":[{"id":6002,"href":"https:\/\/www.legrandmeaulnes.fr\/index.php?rest_route=\/wp\/v2\/posts\/6000\/revisions\/6002"}],"wp:featuredmedia":[{"embeddable":true,"href":"https:\/\/www.legrandmeaulnes.fr\/index.php?rest_route=\/wp\/v2\/media\/6001"}],"wp:attachment":[{"href":"https:\/\/www.legrandmeaulnes.fr\/index.php?rest_route=%2Fwp%2Fv2%2Fmedia&parent=6000"}],"wp:term":[{"taxonomy":"category","embeddable":true,"href":"https:\/\/www.legrandmeaulnes.fr\/index.php?rest_route=%2Fwp%2Fv2%2Fcategories&post=6000"},{"taxonomy":"post_tag","embeddable":true,"href":"https:\/\/www.legrandmeaulnes.fr\/index.php?rest_route=%2Fwp%2Fv2%2Ftags&post=6000"}],"curies":[{"name":"wp","href":"https:\/\/api.w.org\/{rel}","templated":true}]}}