{"id":6099,"date":"2023-12-17T15:02:55","date_gmt":"2023-12-17T15:02:55","guid":{"rendered":"https:\/\/www.legrandmeaulnes.fr\/?p=6099"},"modified":"2023-12-17T15:29:46","modified_gmt":"2023-12-17T15:29:46","slug":"sortie-pedagogique-a-paris-pour-les-delegues-de-classe","status":"publish","type":"post","link":"https:\/\/www.legrandmeaulnes.fr\/?p=6099","title":{"rendered":"Sortie p\u00e9dagogique \u00e0 Paris pour les d\u00e9l\u00e9gu\u00e9s de classe"},"content":{"rendered":"\n<p>Les \u00e9l\u00e8ves d\u00e9l\u00e9gu\u00e9s du coll\u00e8ge Le Grand Meaulnes ont eu l&#8217;opportunit\u00e9 de visiter l&#8217;Assembl\u00e9e nationale le jeudi 14 d\u00e9cembre. Ils ont d\u00e9couvert les lieux et le fonctionnement de cette institution d\u00e9mocratique. Les \u00e9l\u00e8ves ont ainsi pu visiter l&#8217;h\u00e9micycle, d\u00e9couvrir le r\u00f4le d&#8217;un d\u00e9put\u00e9 et ses missions. Une surprise les attendait : la visite de l&#8217;h\u00f4tel de Lassay. Cet h\u00f4tel particulier est la r\u00e9sidence officielle de la pr\u00e9sidente de l\u2019Assembl\u00e9e nationale, il est mitoyen du palais Bourbon. Lors de cette visite, ils ont rencontr\u00e9 M. Mejdi JAMEL, Directeur du Cabinet de la Pr\u00e9sidente Ya\u00ebl Braun-Pivet.<\/p>\n\n\n<div class=\"wp-block-image\">\n<figure class=\"aligncenter size-large\"><img decoding=\"async\" loading=\"lazy\" width=\"500\" height=\"376\" src=\"https:\/\/www.legrandmeaulnes.fr\/wp-content\/uploads\/2023\/12\/PXL_20231214_164427835-1-500x376.jpg\" alt=\"\" class=\"wp-image-6100\" srcset=\"https:\/\/www.legrandmeaulnes.fr\/wp-content\/uploads\/2023\/12\/PXL_20231214_164427835-1-500x376.jpg 500w, https:\/\/www.legrandmeaulnes.fr\/wp-content\/uploads\/2023\/12\/PXL_20231214_164427835-1-200x151.jpg 200w, https:\/\/www.legrandmeaulnes.fr\/wp-content\/uploads\/2023\/12\/PXL_20231214_164427835-1-768x578.jpg 768w, https:\/\/www.legrandmeaulnes.fr\/wp-content\/uploads\/2023\/12\/PXL_20231214_164427835-1-1536x1157.jpg 1536w, https:\/\/www.legrandmeaulnes.fr\/wp-content\/uploads\/2023\/12\/PXL_20231214_164427835-1-2048x1542.jpg 2048w, https:\/\/www.legrandmeaulnes.fr\/wp-content\/uploads\/2023\/12\/PXL_20231214_164427835-1-720x540.jpg 720w\" sizes=\"(max-width: 500px) 100vw, 500px\" \/><\/figure><\/div>\n\n\n<figure class=\"wp-block-gallery has-nested-images columns-default is-cropped wp-block-gallery-1 is-layout-flex wp-block-gallery-is-layout-flex\">\n<figure class=\"wp-block-image size-large\"><img decoding=\"async\" loading=\"lazy\" width=\"500\" height=\"376\" data-id=\"6105\" src=\"https:\/\/www.legrandmeaulnes.fr\/wp-content\/uploads\/2023\/12\/PXL_20231214_162501259-EDIT-500x376.jpg\" alt=\"\" class=\"wp-image-6105\" srcset=\"https:\/\/www.legrandmeaulnes.fr\/wp-content\/uploads\/2023\/12\/PXL_20231214_162501259-EDIT-500x376.jpg 500w, https:\/\/www.legrandmeaulnes.fr\/wp-content\/uploads\/2023\/12\/PXL_20231214_162501259-EDIT-200x151.jpg 200w, https:\/\/www.legrandmeaulnes.fr\/wp-content\/uploads\/2023\/12\/PXL_20231214_162501259-EDIT-768x578.jpg 768w, https:\/\/www.legrandmeaulnes.fr\/wp-content\/uploads\/2023\/12\/PXL_20231214_162501259-EDIT-1536x1157.jpg 1536w, https:\/\/www.legrandmeaulnes.fr\/wp-content\/uploads\/2023\/12\/PXL_20231214_162501259-EDIT-2048x1542.jpg 2048w, https:\/\/www.legrandmeaulnes.fr\/wp-content\/uploads\/2023\/12\/PXL_20231214_162501259-EDIT-720x540.jpg 720w\" sizes=\"(max-width: 500px) 100vw, 500px\" \/><\/figure>\n\n\n\n<figure class=\"wp-block-image size-large\"><img decoding=\"async\" loading=\"lazy\" width=\"500\" height=\"376\" data-id=\"6106\" src=\"https:\/\/www.legrandmeaulnes.fr\/wp-content\/uploads\/2023\/12\/PXL_20231214_165326497-1-1-2-500x376.jpg\" alt=\"\" class=\"wp-image-6106\" srcset=\"https:\/\/www.legrandmeaulnes.fr\/wp-content\/uploads\/2023\/12\/PXL_20231214_165326497-1-1-2-500x376.jpg 500w, https:\/\/www.legrandmeaulnes.fr\/wp-content\/uploads\/2023\/12\/PXL_20231214_165326497-1-1-2-200x151.jpg 200w, https:\/\/www.legrandmeaulnes.fr\/wp-content\/uploads\/2023\/12\/PXL_20231214_165326497-1-1-2-768x578.jpg 768w, https:\/\/www.legrandmeaulnes.fr\/wp-content\/uploads\/2023\/12\/PXL_20231214_165326497-1-1-2-1536x1157.jpg 1536w, https:\/\/www.legrandmeaulnes.fr\/wp-content\/uploads\/2023\/12\/PXL_20231214_165326497-1-1-2-2048x1542.jpg 2048w, https:\/\/www.legrandmeaulnes.fr\/wp-content\/uploads\/2023\/12\/PXL_20231214_165326497-1-1-2-720x540.jpg 720w\" sizes=\"(max-width: 500px) 100vw, 500px\" \/><\/figure>\n<\/figure>\n\n\n\n<p>Ce voyage \u00e0 Paris a \u00e9t\u00e9 aussi l&#8217;occasion pour les \u00e9l\u00e8ves de d\u00e9couvrir des lieux embl\u00e9matiques de la capitale. Ils ont parcouru le jardin des plantes, d\u00e9couvert les ar\u00e8nes de Lut\u00e8ce, long\u00e9 les quais de Seine, o\u00f9 ils ont pu observer les bouquinistes. Ils ont travers\u00e9 le tunnel des tuileries. Ce tunnel a \u00e9t\u00e9 transform\u00e9 en une galerie d&#8217;art urbain, o\u00f9 les \u00e9l\u00e8ves ont pu admirer les \u0153uvres de plusieurs artistes graffeurs . Ils ont Ils ont enfin parcouru une partie de l&#8217;\u00eele de la cit\u00e9, o\u00f9 ils ont contempl\u00e9 la cath\u00e9drale Notre-Dame.<\/p>\n\n\n\n<p>Ce p\u00e9riple parisien a \u00e9t\u00e9 riche en d\u00e9couvertes et en \u00e9motions pour les \u00e9l\u00e8ves, qui ont parcouru plus de 10 kilom\u00e8tres \u00e0 pied. Ils sont rentr\u00e9s au coll\u00e8ge avec des souvenirs plein la t\u00eate et une meilleure connaissance de la culture et de la politique fran\u00e7aises.<\/p>\n","protected":false},"excerpt":{"rendered":"<p>Les \u00e9l\u00e8ves d\u00e9l\u00e9gu\u00e9s du coll\u00e8ge Le Grand Meaulnes ont eu l&#8217;opportunit\u00e9 de visiter l&#8217;Assembl\u00e9e nationale<\/p>\n","protected":false},"author":17,"featured_media":6105,"comment_status":"closed","ping_status":"closed","sticky":false,"template":"","format":"standard","meta":{"footnotes":""},"categories":[6,18],"tags":[],"_links":{"self":[{"href":"https:\/\/www.legrandmeaulnes.fr\/index.php?rest_route=\/wp\/v2\/posts\/6099"}],"collection":[{"href":"https:\/\/www.legrandmeaulnes.fr\/index.php?rest_route=\/wp\/v2\/posts"}],"about":[{"href":"https:\/\/www.legrandmeaulnes.fr\/index.php?rest_route=\/wp\/v2\/types\/post"}],"author":[{"embeddable":true,"href":"https:\/\/www.legrandmeaulnes.fr\/index.php?rest_route=\/wp\/v2\/users\/17"}],"replies":[{"embeddable":true,"href":"https:\/\/www.legrandmeaulnes.fr\/index.php?rest_route=%2Fwp%2Fv2%2Fcomments&post=6099"}],"version-history":[{"count":2,"href":"https:\/\/www.legrandmeaulnes.fr\/index.php?rest_route=\/wp\/v2\/posts\/6099\/revisions"}],"predecessor-version":[{"id":6107,"href":"https:\/\/www.legrandmeaulnes.fr\/index.php?rest_route=\/wp\/v2\/posts\/6099\/revisions\/6107"}],"wp:featuredmedia":[{"embeddable":true,"href":"https:\/\/www.legrandmeaulnes.fr\/index.php?rest_route=\/wp\/v2\/media\/6105"}],"wp:attachment":[{"href":"https:\/\/www.legrandmeaulnes.fr\/index.php?rest_route=%2Fwp%2Fv2%2Fmedia&parent=6099"}],"wp:term":[{"taxonomy":"category","embeddable":true,"href":"https:\/\/www.legrandmeaulnes.fr\/index.php?rest_route=%2Fwp%2Fv2%2Fcategories&post=6099"},{"taxonomy":"post_tag","embeddable":true,"href":"https:\/\/www.legrandmeaulnes.fr\/index.php?rest_route=%2Fwp%2Fv2%2Ftags&post=6099"}],"curies":[{"name":"wp","href":"https:\/\/api.w.org\/{rel}","templated":true}]}}