{"id":6127,"date":"2024-03-11T12:52:46","date_gmt":"2024-03-11T12:52:46","guid":{"rendered":"https:\/\/www.legrandmeaulnes.fr\/?p=6127"},"modified":"2024-03-11T12:56:38","modified_gmt":"2024-03-11T12:56:38","slug":"les-siestes-contees-du-jeudi","status":"publish","type":"post","link":"https:\/\/www.legrandmeaulnes.fr\/?p=6127","title":{"rendered":"Les siestes cont\u00e9es du jeudi"},"content":{"rendered":"\n<p>Apr\u00e8s trois s\u00e9ances au mois de f\u00e9vrier, les Siestes cont\u00e9es du jeudi, organis\u00e9es par la Biblioth\u00e8que de rue et anim\u00e9es par Elise et Elisa, reprennent en mars&nbsp;!<\/p>\n\n\n<div class=\"wp-block-image\">\n<figure class=\"aligncenter size-large is-resized\"><img decoding=\"async\" loading=\"lazy\" width=\"500\" height=\"375\" src=\"https:\/\/www.legrandmeaulnes.fr\/wp-content\/uploads\/2024\/03\/20240208_121418-500x375.jpg\" alt=\"\" class=\"wp-image-6129\" style=\"aspect-ratio:1.3333333333333333;width:486px;height:auto\" srcset=\"https:\/\/www.legrandmeaulnes.fr\/wp-content\/uploads\/2024\/03\/20240208_121418-500x375.jpg 500w, https:\/\/www.legrandmeaulnes.fr\/wp-content\/uploads\/2024\/03\/20240208_121418-200x150.jpg 200w, https:\/\/www.legrandmeaulnes.fr\/wp-content\/uploads\/2024\/03\/20240208_121418-768x576.jpg 768w, https:\/\/www.legrandmeaulnes.fr\/wp-content\/uploads\/2024\/03\/20240208_121418-1536x1152.jpg 1536w, https:\/\/www.legrandmeaulnes.fr\/wp-content\/uploads\/2024\/03\/20240208_121418-2048x1536.jpg 2048w, https:\/\/www.legrandmeaulnes.fr\/wp-content\/uploads\/2024\/03\/20240208_121418-720x540.jpg 720w\" sizes=\"(max-width: 500px) 100vw, 500px\" \/><\/figure><\/div>\n\n\n<p>Venez vous d\u00e9tendre et vous reposer en \u00e9coutant conter des histoires, parfois effrayantes&nbsp;! <\/p>\n\n\n\n<p>Tapis, coussins et couvertures vous accueilleront le temps d\u2019une sieste, dans un CDI am\u00e9nag\u00e9 pour l\u2019occasion.<\/p>\n\n\n\n<p>Rendez-vous d\u00e8s le jeudi 21 mars au CDI, \u00e0 la pause m\u00e9ridienne ! (Inscriptions au CDI)<\/p>\n","protected":false},"excerpt":{"rendered":"<p>Apr\u00e8s trois s\u00e9ances au mois de f\u00e9vrier, les Siestes cont\u00e9es du jeudi, organis\u00e9es par la<\/p>\n","protected":false},"author":18,"featured_media":6129,"comment_status":"closed","ping_status":"closed","sticky":false,"template":"","format":"standard","meta":{"footnotes":""},"categories":[6],"tags":[43,42],"_links":{"self":[{"href":"https:\/\/www.legrandmeaulnes.fr\/index.php?rest_route=\/wp\/v2\/posts\/6127"}],"collection":[{"href":"https:\/\/www.legrandmeaulnes.fr\/index.php?rest_route=\/wp\/v2\/posts"}],"about":[{"href":"https:\/\/www.legrandmeaulnes.fr\/index.php?rest_route=\/wp\/v2\/types\/post"}],"author":[{"embeddable":true,"href":"https:\/\/www.legrandmeaulnes.fr\/index.php?rest_route=\/wp\/v2\/users\/18"}],"replies":[{"embeddable":true,"href":"https:\/\/www.legrandmeaulnes.fr\/index.php?rest_route=%2Fwp%2Fv2%2Fcomments&post=6127"}],"version-history":[{"count":3,"href":"https:\/\/www.legrandmeaulnes.fr\/index.php?rest_route=\/wp\/v2\/posts\/6127\/revisions"}],"predecessor-version":[{"id":6131,"href":"https:\/\/www.legrandmeaulnes.fr\/index.php?rest_route=\/wp\/v2\/posts\/6127\/revisions\/6131"}],"wp:featuredmedia":[{"embeddable":true,"href":"https:\/\/www.legrandmeaulnes.fr\/index.php?rest_route=\/wp\/v2\/media\/6129"}],"wp:attachment":[{"href":"https:\/\/www.legrandmeaulnes.fr\/index.php?rest_route=%2Fwp%2Fv2%2Fmedia&parent=6127"}],"wp:term":[{"taxonomy":"category","embeddable":true,"href":"https:\/\/www.legrandmeaulnes.fr\/index.php?rest_route=%2Fwp%2Fv2%2Fcategories&post=6127"},{"taxonomy":"post_tag","embeddable":true,"href":"https:\/\/www.legrandmeaulnes.fr\/index.php?rest_route=%2Fwp%2Fv2%2Ftags&post=6127"}],"curies":[{"name":"wp","href":"https:\/\/api.w.org\/{rel}","templated":true}]}}