{"id":6278,"date":"2024-12-16T08:28:25","date_gmt":"2024-12-16T08:28:25","guid":{"rendered":"https:\/\/www.legrandmeaulnes.fr\/?p=6278"},"modified":"2025-01-06T08:38:57","modified_gmt":"2025-01-06T08:38:57","slug":"ouverture-de-lecole-aux-parents-pour-la-reussite-des-eleves","status":"publish","type":"post","link":"https:\/\/www.legrandmeaulnes.fr\/?p=6278","title":{"rendered":"Ouverture de l&#8217;Ecole aux Parents pour la R\u00e9ussite des El\u00e8ves"},"content":{"rendered":"\n<figure class=\"wp-block-image size-full\"><img decoding=\"async\" loading=\"lazy\" width=\"106\" height=\"52\" src=\"https:\/\/www.legrandmeaulnes.fr\/wp-content\/uploads\/2024\/12\/image001.jpg\" alt=\"\" class=\"wp-image-6279\"\/><\/figure>\n\n\n\n<p><\/p>\n\n\n\n<p>Depuis le 15 Novembre 2025, le coll\u00e8ge Le Grand Meaulnes accueille une \u00e9cole \u00e0 destination des parents. Ce dispositif s\u2019appelle \u00ab&nbsp;OEPRE&nbsp;\u00bb (Ouverture de l\u2019Ecole aux Parents pour la R\u00e9ussite des El\u00e8ves). Il s\u2019agit de cours de fran\u00e7ais ax\u00e9s sur la compr\u00e9hension du monde de l\u2019Ecole et du fonctionnement de la vie en France. Ces cours sont adapt\u00e9s pour un public allophone ayant du mal \u00e0 s\u2019exprimer en fran\u00e7ais et souhaitant suivre des cours pour mieux comprendre l\u2019\u00e9cole. Ce dispositif est ouvert aux parents d\u2019\u00e9l\u00e8ves \u00e9trangers. Il contribue \u00e0 am\u00e9liorer les chances de r\u00e9ussite des enfants \u00e0 l\u2019\u00e9cole, en faisant b\u00e9n\u00e9ficier les parents de formations prises en charge par l\u2019\u00c9tat autour de trois objectifs :<\/p>\n\n\n\n<ul>\n<li>l\u2019acquisition des fondamentaux du fran\u00e7ais (comprendre, parler et \u00e9crire),<\/li>\n\n\n\n<li>la connaissance des valeurs de la R\u00e9publique et leur mise en \u0153uvre dans la soci\u00e9t\u00e9 fran\u00e7aise,<\/li>\n\n\n\n<li>la compr\u00e9hension du fonctionnement et des attentes de l\u2019\u00e9cole vis-\u00e0-vis des \u00e9l\u00e8ves et des parents.<\/li>\n<\/ul>\n\n\n\n<p>Les cours de fran\u00e7ais ont lieu chaque vendredi matin au Coll\u00e8ge Le Grand Meaulnes.&nbsp;16 parents suivent assid\u00fbment les cours dispens\u00e9s par Marianne, professeur \u00e0 l\u2019association Accueil et Promotion.<\/p>\n\n\n\n<figure class=\"wp-block-image size-large\"><img decoding=\"async\" loading=\"lazy\" width=\"375\" height=\"500\" src=\"https:\/\/www.legrandmeaulnes.fr\/wp-content\/uploads\/2024\/12\/IMG_20241018_102215-375x500.jpg\" alt=\"\" class=\"wp-image-6284\" srcset=\"https:\/\/www.legrandmeaulnes.fr\/wp-content\/uploads\/2024\/12\/IMG_20241018_102215-375x500.jpg 375w, https:\/\/www.legrandmeaulnes.fr\/wp-content\/uploads\/2024\/12\/IMG_20241018_102215-150x200.jpg 150w, https:\/\/www.legrandmeaulnes.fr\/wp-content\/uploads\/2024\/12\/IMG_20241018_102215-768x1024.jpg 768w, https:\/\/www.legrandmeaulnes.fr\/wp-content\/uploads\/2024\/12\/IMG_20241018_102215-1152x1536.jpg 1152w, https:\/\/www.legrandmeaulnes.fr\/wp-content\/uploads\/2024\/12\/IMG_20241018_102215-1536x2048.jpg 1536w, https:\/\/www.legrandmeaulnes.fr\/wp-content\/uploads\/2024\/12\/IMG_20241018_102215-450x600.jpg 450w, https:\/\/www.legrandmeaulnes.fr\/wp-content\/uploads\/2024\/12\/IMG_20241018_102215-scaled.jpg 1920w\" sizes=\"(max-width: 375px) 100vw, 375px\" \/><\/figure>\n","protected":false},"excerpt":{"rendered":"<p>Depuis le 15 Novembre 2025, le coll\u00e8ge Le Grand Meaulnes accueille une \u00e9cole \u00e0 destination<\/p>\n","protected":false},"author":18,"featured_media":6282,"comment_status":"closed","ping_status":"closed","sticky":false,"template":"","format":"standard","meta":{"footnotes":""},"categories":[6],"tags":[],"_links":{"self":[{"href":"https:\/\/www.legrandmeaulnes.fr\/index.php?rest_route=\/wp\/v2\/posts\/6278"}],"collection":[{"href":"https:\/\/www.legrandmeaulnes.fr\/index.php?rest_route=\/wp\/v2\/posts"}],"about":[{"href":"https:\/\/www.legrandmeaulnes.fr\/index.php?rest_route=\/wp\/v2\/types\/post"}],"author":[{"embeddable":true,"href":"https:\/\/www.legrandmeaulnes.fr\/index.php?rest_route=\/wp\/v2\/users\/18"}],"replies":[{"embeddable":true,"href":"https:\/\/www.legrandmeaulnes.fr\/index.php?rest_route=%2Fwp%2Fv2%2Fcomments&post=6278"}],"version-history":[{"count":3,"href":"https:\/\/www.legrandmeaulnes.fr\/index.php?rest_route=\/wp\/v2\/posts\/6278\/revisions"}],"predecessor-version":[{"id":6285,"href":"https:\/\/www.legrandmeaulnes.fr\/index.php?rest_route=\/wp\/v2\/posts\/6278\/revisions\/6285"}],"wp:featuredmedia":[{"embeddable":true,"href":"https:\/\/www.legrandmeaulnes.fr\/index.php?rest_route=\/wp\/v2\/media\/6282"}],"wp:attachment":[{"href":"https:\/\/www.legrandmeaulnes.fr\/index.php?rest_route=%2Fwp%2Fv2%2Fmedia&parent=6278"}],"wp:term":[{"taxonomy":"category","embeddable":true,"href":"https:\/\/www.legrandmeaulnes.fr\/index.php?rest_route=%2Fwp%2Fv2%2Fcategories&post=6278"},{"taxonomy":"post_tag","embeddable":true,"href":"https:\/\/www.legrandmeaulnes.fr\/index.php?rest_route=%2Fwp%2Fv2%2Ftags&post=6278"}],"curies":[{"name":"wp","href":"https:\/\/api.w.org\/{rel}","templated":true}]}}